{"id":11943,"date":"2024-08-19T21:49:14","date_gmt":"2024-08-19T19:49:14","guid":{"rendered":"https:\/\/aivju.space\/blog\/musi-byt-vase-virtualni-prohlidka-responzivni\/"},"modified":"2024-09-03T17:04:02","modified_gmt":"2024-09-03T15:04:02","slug":"musi-byt-vase-virtualni-prohlidka-responzivni","status":"publish","type":"post","link":"https:\/\/aivju.space\/cs\/blog\/musi-byt-vase-virtualni-prohlidka-responzivni\/","title":{"rendered":"Mus\u00ed b\u00fdt va\u0161e virtu\u00e1ln\u00ed prohl\u00eddka responzivn\u00ed?"},"content":{"rendered":"\n<p>N\u011bkdy vid\u00edm <a href=\"https:\/\/aivju.space\/cs\/virtualni-prohlidky\/\">virtu\u00e1ln\u00ed prohl\u00eddky,<\/a> kter\u00e9 na mobiln\u00edch telefonech v\u016fbec nereaguj\u00ed. A co s t\u00edm m\u00e1m d\u011blat? Nic, prost\u011b virtu\u00e1ln\u00ed prohl\u00eddku okam\u017eit\u011b zav\u0159u. Co jin\u00e9ho s t\u00edm mohu jako u\u017eivatel d\u011blat?    <\/p>\n\n<p>Bohu\u017eel nem\u00e1m neomezen\u00e9 mno\u017estv\u00ed \u010dasu. A va\u0161i u\u017eivatel\u00e9 m\u00edt tak\u00e9 nebudou. <\/p>\n\n<p>Responzivnost je velk\u00fdm probl\u00e9mem pro ka\u017edou webovou aplikaci, kter\u00e1 mus\u00ed b\u00fdt pou\u017eiteln\u00e1 na r\u016fzn\u00fdch za\u0159\u00edzen\u00edch, a tot\u00e9\u017e plat\u00ed i pro <a href=\"https:\/\/aivju.space\/cs\/virtualni-prohlidky\/proces-vytvareni-virtualni-prohlidky\/\">tvorbu virtu\u00e1ln\u00edch prohl\u00eddek<\/a>.<\/p>\n\n<p>Po\u010dkat, ale co je to responzivn\u00ed virtu\u00e1ln\u00ed prohl\u00eddka?<\/p>\n\n<h2 class=\"wp-block-heading\" id=\"what-is-a-responsive-virtual-tour\">Co je to responzivn\u00ed virtu\u00e1ln\u00ed prohl\u00eddka?<\/h2>\n\n<p>Pojmy jako &#8222;responzivn\u00ed design&#8220; nebo &#8222;responzivn\u00ed web&#8220; ozna\u010duj\u00ed webovou aplikaci, kter\u00e1 se dok\u00e1\u017ee p\u0159izp\u016fsobit jak\u00e9koli velikosti obrazovky (jak\u00e9mukoli za\u0159\u00edzen\u00ed).\nJin\u00fdmi slovy, webov\u00e9 aplikace budou spr\u00e1vn\u011b vypadat a fungovat na za\u0159\u00edzen\u00edch s velkou nebo malou obrazovkou. <\/p>\n\n<p class=\"has-palette-color-5-background-color has-background\"><strong>Responzivn\u00ed webov\u00e1 aplikace (v na\u0161em p\u0159\u00edpad\u011b virtu\u00e1ln\u00ed prohl\u00eddka) bude vypadat a fungovat spr\u00e1vn\u011b na jak\u00e9mkoli za\u0159\u00edzen\u00ed.\nTak\u017ee na\u0161i u\u017eivatel\u00e9 mohou pou\u017e\u00edvat libovoln\u00e9 za\u0159\u00edzen\u00ed a virtu\u00e1ln\u00ed prohl\u00eddka bude vypadat a fungovat \u00fa\u017easn\u011b. <\/strong><\/p>\n\n<p>Mus\u00edm tak\u00e9 zm\u00ednit, \u017ee <strong>pod\u00edl mobiln\u00edch u\u017eivatel\u016f se v pr\u016fb\u011bhu let neust\u00e1le zvy\u0161uje<\/strong>, co\u017e znamen\u00e1, \u017ee roste i v\u00fdznam responzivn\u00edch virtu\u00e1ln\u00edch prohl\u00eddek.<\/p>\n\n<h2 class=\"wp-block-heading\" id=\"what-are-the-benefits-of-a-responsive-virtual-tour\">Jak\u00e9 jsou v\u00fdhody responzivn\u00ed virtu\u00e1ln\u00ed prohl\u00eddky?<\/h2>\n\n<p>Pod\u00edvejme se na to takto.\nPokud virtu\u00e1ln\u00ed prohl\u00eddka nereaguje na v\u0161echna za\u0159\u00edzen\u00ed, \u0159ekn\u011bme, \u017ee virtu\u00e1ln\u00ed prohl\u00eddka nebude vypadat dob\u0159e na mobiln\u00edch telefonech. <\/p>\n\n<p>U\u017eivatel\u00e9 mobiln\u00edch telefon\u016f budou m\u00edt zt\u00ed\u017eenou mo\u017enost prozkoumat dan\u00fd prostor kv\u016fli kter\u00e9mu p\u0159i\u0161li na va\u0161i str\u00e1nku. Proto <strong>bude UX (u\u017eivatelsk\u00fd z\u00e1\u017eitek) \u0161patn\u00fd, co\u017e v kone\u010dn\u00e9m d\u016fsledku ovlivn\u00ed vztah mezi u\u017eivatelem (potenci\u00e1ln\u00edm klientem) a va\u0161\u00ed spole\u010dnost\u00ed (spole\u010dnost\u00ed prezentuj\u00edc\u00ed sv\u00e9 obchodn\u00ed prostory)<\/strong>. A to je samoz\u0159ejm\u011b n\u011bco, co nechcete.  <\/p>\n\n<p>Virtu\u00e1ln\u00ed prohl\u00eddka je skv\u011bl\u00fdm n\u00e1strojem, jak m\u016f\u017ee va\u0161e spole\u010dnost p\u0159edstavit sv\u00e9 prostory n\u00e1v\u0161t\u011bvn\u00edk\u016fm v 360\u00b0 zobrazen\u00ed. Pro\u010d? <strong>Virtu\u00e1ln\u00ed prohl\u00eddky toti\u017e umo\u017e\u0148uj\u00ed prozkoumat ka\u017ed\u00fd detail dan\u00e9ho prostoru<\/strong>. Ale co pak s neresponzivn\u00ed virtu\u00e1ln\u00ed prohl\u00eddkou, kter\u00e1 v\u00e1m neumo\u017e\u0148uje prozkoumat dan\u00e9 m\u00edsto? <\/p>\n\n<p>V tom p\u0159\u00edpad\u011b se nejedn\u00e1 o efektivn\u00ed virtu\u00e1ln\u00ed prohl\u00eddku, kter\u00e1 m\u016f\u017ee pomoci va\u0161\u00ed spole\u010dnosti zaz\u00e1\u0159it.<\/p>\n\n<div class=\"wp-block-stackable-image stk-block-image stk-block stk-c588e3d\" data-block-id=\"c588e3d\"><style>:where(.stk-hover-parent:hover,.stk-hover-parent.stk--is-hovered) .stk-c588e3d .stk-img-wrapper::after{background-color:#000000 !important}:where(.stk-hover-parent:hover,.stk-hover-parent.stk--is-hovered) .stk-c588e3d .stk-img-wrapper{--stk-gradient-overlay:0.7 !important}<\/style><figure><span class=\"stk-img-wrapper stk-image--shape-stretch\"><img loading=\"lazy\" decoding=\"async\" class=\"stk-img wp-image-11790\" src=\"https:\/\/aivju.space\/wp-content\/uploads\/2024\/08\/responsive-virtual-tour-for-any-device.jpg\" width=\"1920\" height=\"1080\" alt=\"3 typy za&#x159;&#xED;zen&#xED; pou&#x17E;&#xED;vaj&#xED;c&#xED; stejnou responzivn&#xED; virtu&#xE1;ln&#xED; prohl&#xED;dku\" srcset=\"https:\/\/aivju.space\/wp-content\/uploads\/2024\/08\/responsive-virtual-tour-for-any-device.jpg 1920w, https:\/\/aivju.space\/wp-content\/uploads\/2024\/08\/responsive-virtual-tour-for-any-device-300x169.jpg 300w, https:\/\/aivju.space\/wp-content\/uploads\/2024\/08\/responsive-virtual-tour-for-any-device-1024x576.jpg 1024w, https:\/\/aivju.space\/wp-content\/uploads\/2024\/08\/responsive-virtual-tour-for-any-device-768x432.jpg 768w, https:\/\/aivju.space\/wp-content\/uploads\/2024\/08\/responsive-virtual-tour-for-any-device-1536x864.jpg 1536w\" sizes=\"auto, (max-width: 1920px) 100vw, 1920px\" \/><\/span><\/figure><\/div>\n\n<p><strong>Hlavn\u00ed v\u00fdhodou responzivn\u00edch virtu\u00e1ln\u00edch prohl\u00eddek je p\u0159\u00edjemn\u00fd u\u017eivatelsk\u00fd z\u00e1\u017eitek na jak\u00e9mkoli za\u0159\u00edzen\u00ed<\/strong>.\nNicm\u00e9n\u011b to nen\u00ed jedin\u00e1 v\u00fdhoda responzivn\u00ed virtu\u00e1ln\u00ed prohl\u00eddky.\nDal\u0161\u00edm m\u016f\u017ee b\u00fdt <strong>zv\u00fd\u0161en\u00ed po\u010dtu u\u017eivatel\u016f nebo sn\u00ed\u017een\u00ed bounce rate<\/strong>.  <\/p>\n\n<p><strong>V\u00edce u\u017eivatel\u016f<\/strong> &#8211; Poskytn\u011bte mo\u017enost prozkoumat va\u0161e prostory v\u00edce potenci\u00e1ln\u00edm klient\u016fm.\nN\u011bkte\u0159\u00ed klienti mohou pou\u017e\u00edvat pouze po\u010d\u00edta\u010de a jin\u00ed pouze mobiln\u00ed telefony.\nS responzivn\u00ed virtu\u00e1ln\u00ed prohl\u00eddkou umo\u017en\u00edte v\u00edce u\u017eivatel\u016fm (klient\u016fm) prozkoumat va\u0161e prostory.  <\/p>\n\n<p><strong>Sn\u00ed\u017een\u00ed bounce rate (m\u00edra okam\u017eit\u00e9ho opu\u0161t\u011bn\u00ed)<\/strong> &#8211; pokud virtu\u00e1ln\u00ed prohl\u00eddka nen\u00ed responzivn\u00ed, mnoho lid\u00ed p\u0159ijde na web, zjist\u00ed, \u017ee je n\u011bco rozbit\u00e9, a okam\u017eit\u011b odejde, pokud virtu\u00e1ln\u00ed prohl\u00eddka nen\u00ed optimalizovan\u00e1 pro jejich obrazovky.<\/p>\n\n<p><strong>Vy\u0161\u0161\u00ed zapojen\u00ed<\/strong> &#8211; lep\u0161\u00ed u\u017eivatelsk\u00fd z\u00e1\u017eitek vede k vy\u0161\u0161\u00edmu zapojen\u00ed a del\u0161\u00edmu \u010dasu str\u00e1ven\u00e9mu na virtu\u00e1ln\u00ed prohl\u00eddce (webov\u00e9 str\u00e1nce).<\/p>\n\n<h2 class=\"wp-block-heading\" id=\"when-it-is-useless-to-create-a-responsive-virtual-tour\">Kdy je zbyte\u010dn\u00e9 vytv\u00e1\u0159et responzivn\u00ed virtu\u00e1ln\u00ed prohl\u00eddku?<\/h2>\n\n<p>I kdy\u017e se jedn\u00e1 o extr\u00e9mn\u00ed p\u0159\u00edpad, teoreticky se to m\u016f\u017ee st\u00e1t.\nP\u0159edstavte si, \u017ee jako z\u00e1stupce va\u0161\u00ed spole\u010dnosti pot\u0159ebujete webovou virtu\u00e1ln\u00ed prohl\u00eddku, abyste mohli prezentovat sv\u00e9 obchodn\u00ed prostory.\nA z\u00e1rove\u0148 z webov\u00e9 analytiky nap\u0159\u00edklad Google Analytics 4 v\u00edte, \u017ee 100 % u\u017eivatel\u016f si va\u0161e webov\u00e9 str\u00e1nky prohl\u00ed\u017e\u00ed pomoc\u00ed po\u010d\u00edta\u010d\u016f s velk\u00fdmi obrazovkami.  <\/p>\n\n<p>Pokud p\u0159edpokl\u00e1d\u00e1te, \u017ee se tato statistika v budoucnu nezm\u011bn\u00ed, va\u0161e spole\u010dnost v takov\u00e9m p\u0159\u00edpad\u011b nepot\u0159ebuje responzivn\u00ed virtu\u00e1ln\u00ed prohl\u00eddku. Sta\u010d\u00ed takov\u00e1, kter\u00e1 bude vypadat neuv\u011b\u0159iteln\u011b na velk\u00fdch obrazovk\u00e1ch. <\/p>\n\n<h2 class=\"wp-block-heading\" id=\"are-google-virtual-tours-responsive\">Jsou virtu\u00e1ln\u00ed prohl\u00eddky Google responzivn\u00ed?  <\/h2>\n\n<p><strong>Kr\u00e1tk\u00e1 odpov\u011b\u010f zn\u00ed: Ano, virtu\u00e1ln\u00ed prohl\u00eddky Google jsou pln\u011b responzivn\u00ed.<\/strong>  Funguje to tak\u00e9 pro v\u0161echny 360\u00b0 virtu\u00e1ln\u00ed prohl\u00eddky nahran\u00e9 na platform\u00e1ch Google (Google Street View, Mapy Google nebo firemn\u00ed profil Google).<\/p>\n\n<h2 class=\"wp-block-heading\" id=\"are-bespoke-virtual-tours-responsive\">Mohou b\u00fdt virtu\u00e1ln\u00ed prohl\u00eddky na m\u00edru responzivn\u00ed?<\/h2>\n\n<p><strong>Kr\u00e1tk\u00e1 odpov\u011b\u010f zn\u00ed: Ano, m\u011bly by b\u00fdt a v\u011bt\u0161ina z nich opravdu je. <\/strong>Nicm\u00e9n\u011b n\u011bkter\u00e9 virtu\u00e1ln\u00ed prohl\u00eddky, kter\u00e9 jsou st\u00e1le aktivn\u00ed, byly vytvo\u0159eny kolem roku 2005 a nejsou v\u016fbec responzivn\u00ed. Jin\u00e9 byly vytvo\u0159eny neprofesion\u00e1ln\u00edmi tv\u016frci virtu\u00e1ln\u00edch prohl\u00eddek a v\u00fdsledkem byly rovn\u011b\u017e neresponzivn\u00ed virtu\u00e1ln\u00ed prohl\u00eddky. <\/p>\n\n<div class=\"wp-block-stackable-columns stk-block-columns stk-block stk-b00a8d9 stk-block-background\" data-block-id=\"b00a8d9\"><style>.stk-b00a8d9{background-color:var(--theme-palette-color-6,#ffffff) !important;border-top-left-radius:2px !important;border-top-right-radius:2px !important;border-bottom-right-radius:2px !important;border-bottom-left-radius:2px !important;overflow:hidden !important;box-shadow:7px 5px 30px #48497927 !important;border-style:dashed !important;border-top-width:2px !important;border-right-width:2px !important;border-bottom-width:2px !important;border-left-width:2px !important}.stk-b00a8d9:before{background-color:var(--theme-palette-color-6,#ffffff) !important}<\/style><div class=\"stk-row stk-inner-blocks stk-block-content stk-content-align stk-b00a8d9-column\">\n<div class=\"wp-block-stackable-column stk-block-column stk-column stk-block stk-f2debc6\" data-v=\"4\" data-block-id=\"f2debc6\"><div class=\"stk-column-wrapper stk-block-column__content stk-container stk-f2debc6-container stk--no-background stk--no-padding\"><div class=\"stk-block-content stk-inner-blocks stk-f2debc6-inner-blocks\">\n<div class=\"wp-block-stackable-text stk-block-text stk-block stk-ab6ef6a\" data-block-id=\"ab6ef6a\"><p class=\"stk-block-text__text\"><span style=\"color: var(--theme-palette-color-7, #30465c);background: linear-gradient(to bottom, transparent 50%, var(--theme-palette-color-1, #fdad17) 50%)\" class=\"stk-highlight\"><strong>PRO TIP:<\/strong><\/span> P\u0159ed v\u00fdb\u011brem tv\u016frce virtu\u00e1ln\u00ed prohl\u00eddky si prohl\u00e9dn\u011bte portfolio projekt\u016f a <strong>vyzkou\u0161ejte virtu\u00e1ln\u00ed prohl\u00eddky na v\u00edce za\u0159\u00edzen\u00edch s r\u016fzn\u00fdmi velikostmi obrazovky<\/strong>.<\/p><\/div>\n<\/div><\/div><\/div>\n<\/div><\/div>\n\n<h2 class=\"wp-block-heading\" id=\"my-recommendation-for-creating-a-responsive-virtual-tour\">Moje doporu\u010den\u00ed pro vytvo\u0159en\u00ed responzivn\u00ed virtu\u00e1ln\u00ed prohl\u00eddky<\/h2>\n\n<p>Vytvo\u0159il jsem zde kr\u00e1tk\u00fd seznam n\u011bkter\u00fdch doporu\u010den\u00ed pro vytv\u00e1\u0159en\u00ed responzivn\u00edch virtu\u00e1ln\u00edch prohl\u00eddek.\nKa\u017ed\u00fd prvek na seznamu je opravdu d\u016fle\u017eit\u00fd, tak\u017ee jej berte jako kontroln\u00ed seznam. <\/p>\n\n<p><strong>Usnadn\u011bte navigaci<\/strong> &#8211; Zamyslete se nad t\u00edm, jak vytvo\u0159it u\u017eivatelsk\u00e9 rozhran\u00ed, kter\u00e9 se bude co nejsn\u00e1ze pou\u017e\u00edvat na ka\u017ed\u00e9 velikosti obrazovky.\nNezam\u011b\u0159ujte se pouze na jednu velikost obrazovky, ale otestujte mnoho velikost\u00ed a orientac\u00ed obrazovky.\nV\u00e1\u0161 u\u017eivatel m\u016f\u017ee pou\u017e\u00edvat i obrazovky neobvykl\u00fdch velikost\u00ed.  <\/p>\n\n<p><strong>Minimalistick\u00fd design<\/strong> &#8211; do rozhran\u00ed pro mal\u00e9 velikosti obrazovky um\u00edst\u011bte pouze d\u016fle\u017eit\u00e9 prvky.\nNa mobiln\u00edch telefonech nen\u00ed mo\u017en\u00e9 p\u0159idat v\u0161echny funkce, kter\u00e9 m\u00e1te, proto\u017ee je tam m\u00e9n\u011b m\u00edsta.\nMus\u00edte si vybrat, kter\u00e9 funkce budou pro u\u017eivatele na mobiln\u00edm telefonu d\u016fle\u017eit\u00e9, a ostatn\u00ed odstranit nebo skr\u00fdt do n\u011bjak\u00e9ho menu.\nTo tak\u00e9 pom\u00e1h\u00e1 ke zjednodu\u0161en\u00ed rozhran\u00ed.   <\/p>\n\n<p><strong>P\u0159\u00edstup &#8222;Mobile first design&#8220;<\/strong> &#8211; To znamen\u00e1, \u017ee nejprve vytvo\u0159\u00edte virtu\u00e1ln\u00ed prohl\u00eddku pro mobiln\u00ed telefony a pot\u00e9 ji roz\u0161\u00ed\u0159\u00edte na v\u011bt\u0161\u00ed obrazovky.\nT\u00edm up\u0159ednostn\u00edte mobiln\u00ed u\u017eivatele a zajist\u00edte, \u017ee virtu\u00e1ln\u00ed prohl\u00eddka bude p\u0159\u00edstupn\u00e1 i na men\u0161\u00edch obrazovk\u00e1ch.\nV praxi to znamen\u00e1, \u017ee se nejprve na\u010dte rozhran\u00ed pro mobiln\u00ed telefony a pot\u00e9 se znovu na\u010dtou rozhran\u00ed pro v\u011bt\u0161\u00ed velikosti obrazovek (d\u016fle\u017eit\u00e9 p\u0159i implementaci <a href=\"https:\/\/aivju.space\/cs\/blog\/uvitaci-stranka-ve-virtualni-prohlidce\/\">uv\u00edtac\u00ed str\u00e1nky do virtu\u00e1ln\u00ed prohl\u00eddky<\/a>).  <\/p>\n\n<p><strong>Velikosti obrazovky<\/strong> &#8211; zjist\u011bte si nej\u010dast\u011bj\u0161\u00ed velikosti obrazovek, kter\u00e9 lid\u00e9 denn\u011b pou\u017e\u00edvaj\u00ed, a zam\u011b\u0159te se na n\u011b, ale nezapom\u00ednejte ani na ostatn\u00ed.<\/p>\n\n<h2 class=\"wp-block-heading\" id=\"conclusion\">Z\u00e1v\u011br<\/h2>\n\n<p><strong>Responzibilita je vlastnost virtu\u00e1ln\u00edch prohl\u00eddek, kter\u00e1 je v dne\u0161n\u00ed dob\u011b povinn\u00e1, proto\u017ee mnoho lid\u00ed pou\u017e\u00edv\u00e1 mobiln\u00ed telefony a dal\u0161\u00ed za\u0159\u00edzen\u00ed s men\u0161\u00ed velikost\u00ed obrazovky<\/strong>. Pokud tedy nem\u00e1te responzivn\u00ed virtu\u00e1ln\u00ed prohl\u00eddku, n\u011bkte\u0159\u00ed va\u0161i u\u017eivatel\u00e9 (klienti) nebudou moci va\u0161i virtu\u00e1ln\u00ed prohl\u00eddku pou\u017e\u00edvat a prozkoumat kr\u00e1sn\u00e9 prostory, kter\u00e9 m\u00e1te. <\/p>\n\n<p>Responzivn\u00ed virtu\u00e1ln\u00ed prohl\u00eddky jsou tak\u00e9 p\u0159\u00ednosem pro zv\u00fd\u0161en\u00ed u\u017eivatelsk\u00e9ho z\u00e1\u017eitku, zapojen\u00ed a po\u010dtu u\u017eivatel\u016f.  <\/p>\n\n<p>Pro vytvo\u0159en\u00ed virtu\u00e1ln\u00ed prohl\u00eddky na m\u00edru pot\u0159ebuje va\u0161e spole\u010dnost profesion\u00e1ln\u00edho tv\u016frce virtu\u00e1ln\u00edch prohl\u00eddek, kter\u00fd dok\u00e1\u017ee vytvo\u0159it citlivou virtu\u00e1ln\u00ed prohl\u00eddku.<\/p>\n\n<p>Pokud tedy va\u0161e spole\u010dnost hled\u00e1 <a href=\"https:\/\/aivju.space\/cs\/virtualni-prohlidky\/virtualni-prohlidka-na-miru\/\">virtu\u00e1ln\u00ed prohl\u00eddku na m\u00edru<\/a> s responzivn\u00edm rozhran\u00edm, m\u016f\u017eete n\u00e1s kontaktovat je\u0161t\u011b dnes.<\/p>\n\n<p>Jsme tu, abychom v\u00e1m pomohli.<\/p>\n","protected":false},"excerpt":{"rendered":"<p>N\u011bkdy vid\u00edm virtu\u00e1ln\u00ed prohl\u00eddky, kter\u00e9 na mobiln\u00edch telefonech v\u016fbec nereaguj\u00ed. A co s t\u00edm m\u00e1m d\u011blat? Nic, prost\u011b virtu\u00e1ln\u00ed prohl\u00eddku okam\u017eit\u011b zav\u0159u. Co jin\u00e9ho s t\u00edm mohu jako u\u017eivatel d\u011blat? Bohu\u017eel nem\u00e1m neomezen\u00e9 mno\u017estv\u00ed \u010dasu. A va\u0161i u\u017eivatel\u00e9 m\u00edt tak\u00e9 nebudou. Responzivnost je velk\u00fdm probl\u00e9mem pro ka\u017edou webovou aplikaci, kter\u00e1 mus\u00ed b\u00fdt pou\u017eiteln\u00e1 na r\u016fzn\u00fdch [&hellip;]<\/p>\n","protected":false},"author":1,"featured_media":11442,"comment_status":"open","ping_status":"open","sticky":false,"template":"","format":"standard","meta":{"_monsterinsights_skip_tracking":false,"_monsterinsights_sitenote_active":false,"_monsterinsights_sitenote_note":"","_monsterinsights_sitenote_category":0,"footnotes":""},"categories":[110],"tags":[249,295,294],"class_list":["post-11943","post","type-post","status-publish","format-standard","has-post-thumbnail","hentry","category-virtualni-prohlidky","tag-doporuceni","tag-funkce-virtualni-prohlidky","tag-responzivni-virtualni-prohlidka"],"blocksy_meta":[],"yoast_head":"<!-- This site is optimized with the Yoast SEO plugin v27.3 - https:\/\/yoast.com\/product\/yoast-seo-wordpress\/ -->\n<title>Mus\u00ed b\u00fdt va\u0161e virtu\u00e1ln\u00ed prohl\u00eddka responzivn\u00ed? - Aivju.space<\/title>\n<meta name=\"description\" content=\"Pot\u0159ebujeme pro svou firmu responzivn\u00ed virtu\u00e1ln\u00ed prohl\u00eddku? Ano, proto\u017ee umo\u017e\u0148uje va\u0161im host\u016fm prozkoumat va\u0161e prostory na jak\u00e9mkoli dostupn\u00e9m za\u0159\u00edzen\u00ed.\" \/>\n<meta name=\"robots\" content=\"index, follow, max-snippet:-1, max-image-preview:large, max-video-preview:-1\" \/>\n<link rel=\"canonical\" href=\"https:\/\/aivju.space\/cs\/blog\/musi-byt-vase-virtualni-prohlidka-responzivni\/\" \/>\n<meta property=\"og:locale\" content=\"cs_CZ\" \/>\n<meta property=\"og:type\" content=\"article\" \/>\n<meta property=\"og:title\" content=\"Mus\u00ed b\u00fdt va\u0161e virtu\u00e1ln\u00ed prohl\u00eddka responzivn\u00ed? - Aivju.space\" \/>\n<meta property=\"og:description\" content=\"Pot\u0159ebujeme pro svou firmu responzivn\u00ed virtu\u00e1ln\u00ed prohl\u00eddku? Ano, proto\u017ee umo\u017e\u0148uje va\u0161im host\u016fm prozkoumat va\u0161e prostory na jak\u00e9mkoli dostupn\u00e9m za\u0159\u00edzen\u00ed.\" \/>\n<meta property=\"og:url\" content=\"https:\/\/aivju.space\/cs\/blog\/musi-byt-vase-virtualni-prohlidka-responzivni\/\" \/>\n<meta property=\"og:site_name\" content=\"Aivju.space\" \/>\n<meta property=\"article:publisher\" content=\"https:\/\/www.facebook.com\/aivju.space\/\" \/>\n<meta property=\"article:author\" content=\"https:\/\/www.facebook.com\/antonin.liptak.5\/\" \/>\n<meta property=\"article:published_time\" content=\"2024-08-19T19:49:14+00:00\" \/>\n<meta property=\"article:modified_time\" content=\"2024-09-03T15:04:02+00:00\" \/>\n<meta property=\"og:image\" content=\"https:\/\/aivju.space\/wp-content\/uploads\/2024\/08\/effective-virtual-tour-for-your-hospitality-company.jpg\" \/>\n\t<meta property=\"og:image:width\" content=\"1920\" \/>\n\t<meta property=\"og:image:height\" content=\"1080\" \/>\n\t<meta property=\"og:image:type\" content=\"image\/jpeg\" \/>\n<meta name=\"author\" content=\"Anton\u00edn Lipt\u00e1k\" \/>\n<meta name=\"twitter:card\" content=\"summary_large_image\" \/>\n<meta name=\"twitter:label1\" content=\"Napsal(a)\" \/>\n\t<meta name=\"twitter:data1\" content=\"Anton\u00edn Lipt\u00e1k\" \/>\n\t<meta name=\"twitter:label2\" content=\"Odhadovan\u00e1 doba \u010dten\u00ed\" \/>\n\t<meta name=\"twitter:data2\" content=\"7 minut\" \/>\n<script type=\"application\/ld+json\" class=\"yoast-schema-graph\">{\"@context\":\"https:\\\/\\\/schema.org\",\"@graph\":[{\"@type\":[\"Article\",\"BlogPosting\"],\"@id\":\"https:\\\/\\\/aivju.space\\\/cs\\\/blog\\\/musi-byt-vase-virtualni-prohlidka-responzivni\\\/#article\",\"isPartOf\":{\"@id\":\"https:\\\/\\\/aivju.space\\\/cs\\\/blog\\\/musi-byt-vase-virtualni-prohlidka-responzivni\\\/\"},\"author\":{\"name\":\"Anton\u00edn Lipt\u00e1k\",\"@id\":\"https:\\\/\\\/aivju.space\\\/cs\\\/#\\\/schema\\\/person\\\/b98432b3af29bdb0726a28a8c017c6b1\"},\"headline\":\"Mus\u00ed b\u00fdt va\u0161e virtu\u00e1ln\u00ed prohl\u00eddka responzivn\u00ed?\",\"datePublished\":\"2024-08-19T19:49:14+00:00\",\"dateModified\":\"2024-09-03T15:04:02+00:00\",\"mainEntityOfPage\":{\"@id\":\"https:\\\/\\\/aivju.space\\\/cs\\\/blog\\\/musi-byt-vase-virtualni-prohlidka-responzivni\\\/\"},\"wordCount\":1370,\"commentCount\":0,\"publisher\":{\"@id\":\"https:\\\/\\\/aivju.space\\\/cs\\\/#organization\"},\"image\":{\"@id\":\"https:\\\/\\\/aivju.space\\\/cs\\\/blog\\\/musi-byt-vase-virtualni-prohlidka-responzivni\\\/#primaryimage\"},\"thumbnailUrl\":\"https:\\\/\\\/aivju.space\\\/wp-content\\\/uploads\\\/2024\\\/08\\\/effective-virtual-tour-for-your-hospitality-company.jpg\",\"keywords\":[\"doporu\u010den\u00ed\",\"funkce virtu\u00e1ln\u00ed prohl\u00eddky\",\"responzivn\u00ed virtu\u00e1ln\u00ed prohl\u00eddka\"],\"articleSection\":[\"Virtu\u00e1ln\u00ed prohl\u00eddky\"],\"inLanguage\":\"cs\",\"potentialAction\":[{\"@type\":\"CommentAction\",\"name\":\"Comment\",\"target\":[\"https:\\\/\\\/aivju.space\\\/cs\\\/blog\\\/musi-byt-vase-virtualni-prohlidka-responzivni\\\/#respond\"]}]},{\"@type\":\"WebPage\",\"@id\":\"https:\\\/\\\/aivju.space\\\/cs\\\/blog\\\/musi-byt-vase-virtualni-prohlidka-responzivni\\\/\",\"url\":\"https:\\\/\\\/aivju.space\\\/cs\\\/blog\\\/musi-byt-vase-virtualni-prohlidka-responzivni\\\/\",\"name\":\"Mus\u00ed b\u00fdt va\u0161e virtu\u00e1ln\u00ed prohl\u00eddka responzivn\u00ed? - Aivju.space\",\"isPartOf\":{\"@id\":\"https:\\\/\\\/aivju.space\\\/cs\\\/#website\"},\"primaryImageOfPage\":{\"@id\":\"https:\\\/\\\/aivju.space\\\/cs\\\/blog\\\/musi-byt-vase-virtualni-prohlidka-responzivni\\\/#primaryimage\"},\"image\":{\"@id\":\"https:\\\/\\\/aivju.space\\\/cs\\\/blog\\\/musi-byt-vase-virtualni-prohlidka-responzivni\\\/#primaryimage\"},\"thumbnailUrl\":\"https:\\\/\\\/aivju.space\\\/wp-content\\\/uploads\\\/2024\\\/08\\\/effective-virtual-tour-for-your-hospitality-company.jpg\",\"datePublished\":\"2024-08-19T19:49:14+00:00\",\"dateModified\":\"2024-09-03T15:04:02+00:00\",\"description\":\"Pot\u0159ebujeme pro svou firmu responzivn\u00ed virtu\u00e1ln\u00ed prohl\u00eddku? Ano, proto\u017ee umo\u017e\u0148uje va\u0161im host\u016fm prozkoumat va\u0161e prostory na jak\u00e9mkoli dostupn\u00e9m za\u0159\u00edzen\u00ed.\",\"breadcrumb\":{\"@id\":\"https:\\\/\\\/aivju.space\\\/cs\\\/blog\\\/musi-byt-vase-virtualni-prohlidka-responzivni\\\/#breadcrumb\"},\"inLanguage\":\"cs\",\"potentialAction\":[{\"@type\":\"ReadAction\",\"target\":[\"https:\\\/\\\/aivju.space\\\/cs\\\/blog\\\/musi-byt-vase-virtualni-prohlidka-responzivni\\\/\"]}]},{\"@type\":\"ImageObject\",\"inLanguage\":\"cs\",\"@id\":\"https:\\\/\\\/aivju.space\\\/cs\\\/blog\\\/musi-byt-vase-virtualni-prohlidka-responzivni\\\/#primaryimage\",\"url\":\"https:\\\/\\\/aivju.space\\\/wp-content\\\/uploads\\\/2024\\\/08\\\/effective-virtual-tour-for-your-hospitality-company.jpg\",\"contentUrl\":\"https:\\\/\\\/aivju.space\\\/wp-content\\\/uploads\\\/2024\\\/08\\\/effective-virtual-tour-for-your-hospitality-company.jpg\",\"width\":1920,\"height\":1080,\"caption\":\"icon of a virtual tour on mobile phone, tablet and computer for hospitality industry\"},{\"@type\":\"BreadcrumbList\",\"@id\":\"https:\\\/\\\/aivju.space\\\/cs\\\/blog\\\/musi-byt-vase-virtualni-prohlidka-responzivni\\\/#breadcrumb\",\"itemListElement\":[{\"@type\":\"ListItem\",\"position\":1,\"name\":\"Home\",\"item\":\"https:\\\/\\\/aivju.space\\\/cs\\\/\"},{\"@type\":\"ListItem\",\"position\":2,\"name\":\"Mus\u00ed b\u00fdt va\u0161e virtu\u00e1ln\u00ed prohl\u00eddka responzivn\u00ed?\"}]},{\"@type\":\"WebSite\",\"@id\":\"https:\\\/\\\/aivju.space\\\/cs\\\/#website\",\"url\":\"https:\\\/\\\/aivju.space\\\/cs\\\/\",\"name\":\"Aivju.space\",\"description\":\"Nab\u00eddn\u011bte v\u00edce d\u00edky 360\u00b0 obsahu a virtu\u00e1ln\u00ed prohl\u00eddce.\",\"publisher\":{\"@id\":\"https:\\\/\\\/aivju.space\\\/cs\\\/#organization\"},\"potentialAction\":[{\"@type\":\"SearchAction\",\"target\":{\"@type\":\"EntryPoint\",\"urlTemplate\":\"https:\\\/\\\/aivju.space\\\/cs\\\/?s={search_term_string}\"},\"query-input\":{\"@type\":\"PropertyValueSpecification\",\"valueRequired\":true,\"valueName\":\"search_term_string\"}}],\"inLanguage\":\"cs\"},{\"@type\":\"Organization\",\"@id\":\"https:\\\/\\\/aivju.space\\\/cs\\\/#organization\",\"name\":\"Aivju.space\",\"url\":\"https:\\\/\\\/aivju.space\\\/cs\\\/\",\"logo\":{\"@type\":\"ImageObject\",\"inLanguage\":\"cs\",\"@id\":\"https:\\\/\\\/aivju.space\\\/cs\\\/#\\\/schema\\\/logo\\\/image\\\/\",\"url\":\"https:\\\/\\\/aivju.space\\\/wp-content\\\/uploads\\\/2024\\\/07\\\/logo-of-virtual-tour-creators-from-aivju.space-2.webp\",\"contentUrl\":\"https:\\\/\\\/aivju.space\\\/wp-content\\\/uploads\\\/2024\\\/07\\\/logo-of-virtual-tour-creators-from-aivju.space-2.webp\",\"width\":1920,\"height\":1920,\"caption\":\"Aivju.space\"},\"image\":{\"@id\":\"https:\\\/\\\/aivju.space\\\/cs\\\/#\\\/schema\\\/logo\\\/image\\\/\"},\"sameAs\":[\"https:\\\/\\\/www.facebook.com\\\/aivju.space\\\/\",\"https:\\\/\\\/www.instagram.com\\\/aivju.space\\\/\",\"https:\\\/\\\/www.linkedin.com\\\/company\\\/aivju-space\\\/\"]},{\"@type\":\"Person\",\"@id\":\"https:\\\/\\\/aivju.space\\\/cs\\\/#\\\/schema\\\/person\\\/b98432b3af29bdb0726a28a8c017c6b1\",\"name\":\"Anton\u00edn Lipt\u00e1k\",\"image\":{\"@type\":\"ImageObject\",\"inLanguage\":\"cs\",\"@id\":\"https:\\\/\\\/aivju.space\\\/wp-content\\\/uploads\\\/gravatars\\\/f6e919265a514ff12de0396a77fd139e\",\"url\":\"https:\\\/\\\/aivju.space\\\/wp-content\\\/uploads\\\/gravatars\\\/f6e919265a514ff12de0396a77fd139e\",\"contentUrl\":\"https:\\\/\\\/aivju.space\\\/wp-content\\\/uploads\\\/gravatars\\\/f6e919265a514ff12de0396a77fd139e\",\"caption\":\"Anton\u00edn Lipt\u00e1k\"},\"description\":\"My name is Anton\u00edn Lipt\u00e1k and as a passionate 360\u00b0 photographer and bespoke virtual tour creator, I help businesses with beautiful spaces to be more seen in a digital world.\",\"sameAs\":[\"https:\\\/\\\/aivju.space\",\"https:\\\/\\\/www.facebook.com\\\/antonin.liptak.5\\\/\",\"https:\\\/\\\/www.instagram.com\\\/aivju.space\",\"https:\\\/\\\/www.linkedin.com\\\/in\\\/antonin-liptak\\\/\"],\"url\":\"https:\\\/\\\/aivju.space\\\/cs\\\/blog\\\/author\\\/admin\\\/\"}]}<\/script>\n<!-- \/ Yoast SEO plugin. -->","yoast_head_json":{"title":"Mus\u00ed b\u00fdt va\u0161e virtu\u00e1ln\u00ed prohl\u00eddka responzivn\u00ed? - Aivju.space","description":"Pot\u0159ebujeme pro svou firmu responzivn\u00ed virtu\u00e1ln\u00ed prohl\u00eddku? Ano, proto\u017ee umo\u017e\u0148uje va\u0161im host\u016fm prozkoumat va\u0161e prostory na jak\u00e9mkoli dostupn\u00e9m za\u0159\u00edzen\u00ed.","robots":{"index":"index","follow":"follow","max-snippet":"max-snippet:-1","max-image-preview":"max-image-preview:large","max-video-preview":"max-video-preview:-1"},"canonical":"https:\/\/aivju.space\/cs\/blog\/musi-byt-vase-virtualni-prohlidka-responzivni\/","og_locale":"cs_CZ","og_type":"article","og_title":"Mus\u00ed b\u00fdt va\u0161e virtu\u00e1ln\u00ed prohl\u00eddka responzivn\u00ed? - Aivju.space","og_description":"Pot\u0159ebujeme pro svou firmu responzivn\u00ed virtu\u00e1ln\u00ed prohl\u00eddku? Ano, proto\u017ee umo\u017e\u0148uje va\u0161im host\u016fm prozkoumat va\u0161e prostory na jak\u00e9mkoli dostupn\u00e9m za\u0159\u00edzen\u00ed.","og_url":"https:\/\/aivju.space\/cs\/blog\/musi-byt-vase-virtualni-prohlidka-responzivni\/","og_site_name":"Aivju.space","article_publisher":"https:\/\/www.facebook.com\/aivju.space\/","article_author":"https:\/\/www.facebook.com\/antonin.liptak.5\/","article_published_time":"2024-08-19T19:49:14+00:00","article_modified_time":"2024-09-03T15:04:02+00:00","og_image":[{"width":1920,"height":1080,"url":"https:\/\/aivju.space\/wp-content\/uploads\/2024\/08\/effective-virtual-tour-for-your-hospitality-company.jpg","type":"image\/jpeg"}],"author":"Anton\u00edn Lipt\u00e1k","twitter_card":"summary_large_image","twitter_misc":{"Napsal(a)":"Anton\u00edn Lipt\u00e1k","Odhadovan\u00e1 doba \u010dten\u00ed":"7 minut"},"schema":{"@context":"https:\/\/schema.org","@graph":[{"@type":["Article","BlogPosting"],"@id":"https:\/\/aivju.space\/cs\/blog\/musi-byt-vase-virtualni-prohlidka-responzivni\/#article","isPartOf":{"@id":"https:\/\/aivju.space\/cs\/blog\/musi-byt-vase-virtualni-prohlidka-responzivni\/"},"author":{"name":"Anton\u00edn Lipt\u00e1k","@id":"https:\/\/aivju.space\/cs\/#\/schema\/person\/b98432b3af29bdb0726a28a8c017c6b1"},"headline":"Mus\u00ed b\u00fdt va\u0161e virtu\u00e1ln\u00ed prohl\u00eddka responzivn\u00ed?","datePublished":"2024-08-19T19:49:14+00:00","dateModified":"2024-09-03T15:04:02+00:00","mainEntityOfPage":{"@id":"https:\/\/aivju.space\/cs\/blog\/musi-byt-vase-virtualni-prohlidka-responzivni\/"},"wordCount":1370,"commentCount":0,"publisher":{"@id":"https:\/\/aivju.space\/cs\/#organization"},"image":{"@id":"https:\/\/aivju.space\/cs\/blog\/musi-byt-vase-virtualni-prohlidka-responzivni\/#primaryimage"},"thumbnailUrl":"https:\/\/aivju.space\/wp-content\/uploads\/2024\/08\/effective-virtual-tour-for-your-hospitality-company.jpg","keywords":["doporu\u010den\u00ed","funkce virtu\u00e1ln\u00ed prohl\u00eddky","responzivn\u00ed virtu\u00e1ln\u00ed prohl\u00eddka"],"articleSection":["Virtu\u00e1ln\u00ed prohl\u00eddky"],"inLanguage":"cs","potentialAction":[{"@type":"CommentAction","name":"Comment","target":["https:\/\/aivju.space\/cs\/blog\/musi-byt-vase-virtualni-prohlidka-responzivni\/#respond"]}]},{"@type":"WebPage","@id":"https:\/\/aivju.space\/cs\/blog\/musi-byt-vase-virtualni-prohlidka-responzivni\/","url":"https:\/\/aivju.space\/cs\/blog\/musi-byt-vase-virtualni-prohlidka-responzivni\/","name":"Mus\u00ed b\u00fdt va\u0161e virtu\u00e1ln\u00ed prohl\u00eddka responzivn\u00ed? - Aivju.space","isPartOf":{"@id":"https:\/\/aivju.space\/cs\/#website"},"primaryImageOfPage":{"@id":"https:\/\/aivju.space\/cs\/blog\/musi-byt-vase-virtualni-prohlidka-responzivni\/#primaryimage"},"image":{"@id":"https:\/\/aivju.space\/cs\/blog\/musi-byt-vase-virtualni-prohlidka-responzivni\/#primaryimage"},"thumbnailUrl":"https:\/\/aivju.space\/wp-content\/uploads\/2024\/08\/effective-virtual-tour-for-your-hospitality-company.jpg","datePublished":"2024-08-19T19:49:14+00:00","dateModified":"2024-09-03T15:04:02+00:00","description":"Pot\u0159ebujeme pro svou firmu responzivn\u00ed virtu\u00e1ln\u00ed prohl\u00eddku? Ano, proto\u017ee umo\u017e\u0148uje va\u0161im host\u016fm prozkoumat va\u0161e prostory na jak\u00e9mkoli dostupn\u00e9m za\u0159\u00edzen\u00ed.","breadcrumb":{"@id":"https:\/\/aivju.space\/cs\/blog\/musi-byt-vase-virtualni-prohlidka-responzivni\/#breadcrumb"},"inLanguage":"cs","potentialAction":[{"@type":"ReadAction","target":["https:\/\/aivju.space\/cs\/blog\/musi-byt-vase-virtualni-prohlidka-responzivni\/"]}]},{"@type":"ImageObject","inLanguage":"cs","@id":"https:\/\/aivju.space\/cs\/blog\/musi-byt-vase-virtualni-prohlidka-responzivni\/#primaryimage","url":"https:\/\/aivju.space\/wp-content\/uploads\/2024\/08\/effective-virtual-tour-for-your-hospitality-company.jpg","contentUrl":"https:\/\/aivju.space\/wp-content\/uploads\/2024\/08\/effective-virtual-tour-for-your-hospitality-company.jpg","width":1920,"height":1080,"caption":"icon of a virtual tour on mobile phone, tablet and computer for hospitality industry"},{"@type":"BreadcrumbList","@id":"https:\/\/aivju.space\/cs\/blog\/musi-byt-vase-virtualni-prohlidka-responzivni\/#breadcrumb","itemListElement":[{"@type":"ListItem","position":1,"name":"Home","item":"https:\/\/aivju.space\/cs\/"},{"@type":"ListItem","position":2,"name":"Mus\u00ed b\u00fdt va\u0161e virtu\u00e1ln\u00ed prohl\u00eddka responzivn\u00ed?"}]},{"@type":"WebSite","@id":"https:\/\/aivju.space\/cs\/#website","url":"https:\/\/aivju.space\/cs\/","name":"Aivju.space","description":"Nab\u00eddn\u011bte v\u00edce d\u00edky 360\u00b0 obsahu a virtu\u00e1ln\u00ed prohl\u00eddce.","publisher":{"@id":"https:\/\/aivju.space\/cs\/#organization"},"potentialAction":[{"@type":"SearchAction","target":{"@type":"EntryPoint","urlTemplate":"https:\/\/aivju.space\/cs\/?s={search_term_string}"},"query-input":{"@type":"PropertyValueSpecification","valueRequired":true,"valueName":"search_term_string"}}],"inLanguage":"cs"},{"@type":"Organization","@id":"https:\/\/aivju.space\/cs\/#organization","name":"Aivju.space","url":"https:\/\/aivju.space\/cs\/","logo":{"@type":"ImageObject","inLanguage":"cs","@id":"https:\/\/aivju.space\/cs\/#\/schema\/logo\/image\/","url":"https:\/\/aivju.space\/wp-content\/uploads\/2024\/07\/logo-of-virtual-tour-creators-from-aivju.space-2.webp","contentUrl":"https:\/\/aivju.space\/wp-content\/uploads\/2024\/07\/logo-of-virtual-tour-creators-from-aivju.space-2.webp","width":1920,"height":1920,"caption":"Aivju.space"},"image":{"@id":"https:\/\/aivju.space\/cs\/#\/schema\/logo\/image\/"},"sameAs":["https:\/\/www.facebook.com\/aivju.space\/","https:\/\/www.instagram.com\/aivju.space\/","https:\/\/www.linkedin.com\/company\/aivju-space\/"]},{"@type":"Person","@id":"https:\/\/aivju.space\/cs\/#\/schema\/person\/b98432b3af29bdb0726a28a8c017c6b1","name":"Anton\u00edn Lipt\u00e1k","image":{"@type":"ImageObject","inLanguage":"cs","@id":"https:\/\/aivju.space\/wp-content\/uploads\/gravatars\/f6e919265a514ff12de0396a77fd139e","url":"https:\/\/aivju.space\/wp-content\/uploads\/gravatars\/f6e919265a514ff12de0396a77fd139e","contentUrl":"https:\/\/aivju.space\/wp-content\/uploads\/gravatars\/f6e919265a514ff12de0396a77fd139e","caption":"Anton\u00edn Lipt\u00e1k"},"description":"My name is Anton\u00edn Lipt\u00e1k and as a passionate 360\u00b0 photographer and bespoke virtual tour creator, I help businesses with beautiful spaces to be more seen in a digital world.","sameAs":["https:\/\/aivju.space","https:\/\/www.facebook.com\/antonin.liptak.5\/","https:\/\/www.instagram.com\/aivju.space","https:\/\/www.linkedin.com\/in\/antonin-liptak\/"],"url":"https:\/\/aivju.space\/cs\/blog\/author\/admin\/"}]}},"_links":{"self":[{"href":"https:\/\/aivju.space\/cs\/wp-json\/wp\/v2\/posts\/11943","targetHints":{"allow":["GET"]}}],"collection":[{"href":"https:\/\/aivju.space\/cs\/wp-json\/wp\/v2\/posts"}],"about":[{"href":"https:\/\/aivju.space\/cs\/wp-json\/wp\/v2\/types\/post"}],"author":[{"embeddable":true,"href":"https:\/\/aivju.space\/cs\/wp-json\/wp\/v2\/users\/1"}],"replies":[{"embeddable":true,"href":"https:\/\/aivju.space\/cs\/wp-json\/wp\/v2\/comments?post=11943"}],"version-history":[{"count":1,"href":"https:\/\/aivju.space\/cs\/wp-json\/wp\/v2\/posts\/11943\/revisions"}],"predecessor-version":[{"id":11944,"href":"https:\/\/aivju.space\/cs\/wp-json\/wp\/v2\/posts\/11943\/revisions\/11944"}],"wp:featuredmedia":[{"embeddable":true,"href":"https:\/\/aivju.space\/cs\/wp-json\/wp\/v2\/media\/11442"}],"wp:attachment":[{"href":"https:\/\/aivju.space\/cs\/wp-json\/wp\/v2\/media?parent=11943"}],"wp:term":[{"taxonomy":"category","embeddable":true,"href":"https:\/\/aivju.space\/cs\/wp-json\/wp\/v2\/categories?post=11943"},{"taxonomy":"post_tag","embeddable":true,"href":"https:\/\/aivju.space\/cs\/wp-json\/wp\/v2\/tags?post=11943"}],"curies":[{"name":"wp","href":"https:\/\/api.w.org\/{rel}","templated":true}]}}